[{"command":"settings","settings":{"basePath":"\/","pathPrefix":"","ajaxPageState":{"theme":"hwpi_classic","theme_token":"6wKtuqceSpJPMlCMi-feQCYKV9ryPYF6YTGdEKWXuhI","jquery_version":"1.8"},"colorbox":{"opacity":"0.85","current":"{current} do {total}","previous":"\u00ab Anterior","next":"Next \u00bb","close":"Close","maxWidth":"98%","maxHeight":"98%","fixed":true,"mobiledetect":true,"mobiledevicewidth":"480px"},"jcarousel":{"ajaxPath":"https:\/\/posedu.ufop.br\/jcarousel\/ajax\/views"}},"merge":true},{"command":"insert","method":null,"selector":null,"data":"\u003Cdiv id=\u0027box-os_news_latest-page\u0027 data-page=\u00270\u0027 data-delta=\u0027os_news_latest\u0027 class=\u0027os-sv-list os_sv_list_box sv-list-news sv-list-view-title sv-list-layout-list sv-grid-3\u0027\u003E\u003Cdiv class=\u0022item-list\u0022\u003E\u003Cul\u003E\u003Cli\u003E\u003Ca href=\u0022https:\/\/posedu.ufop.br\/news\/programa%C3%A7%C3%A3o-do-dia-16-de-setembro-aula-inaugural-20262\u0022  target=\u0022_top\u0022\u003EPrograma\u00e7\u00e3o do dia 16 de Setembro - Aula Inaugural 2026.2\u003C\/a\u003E\u003C\/li\u003E\u003Cli\u003E\u003Ca href=\u0022https:\/\/posedu.ufop.br\/news\/xii-simpoed-submiss%C3%A3o-de-trabalhos-para-o-simp%C3%B3sio\u0022  target=\u0022_top\u0022\u003EXII SIMPOED: submiss\u00e3o de trabalhos para o simp\u00f3sio\u003C\/a\u003E\u003C\/li\u003E\u003Cli\u003E\u003Ca href=\u0022https:\/\/posedu.ufop.br\/news\/resultado-final-disciplinas-isoladas-20262\u0022  target=\u0022_top\u0022\u003EResultado Final - Disciplinas isoladas 2026\/2\u003C\/a\u003E\u003C\/li\u003E\u003Cli\u003E\u003Ca href=\u0022https:\/\/posedu.ufop.br\/news\/resultado-preliminar-disciplinas-isoladas-20262\u0022  target=\u0022_top\u0022\u003EResultado Preliminar - Disciplinas isoladas 2026\/2\u003C\/a\u003E\u003C\/li\u003E\u003Cli\u003E\u003Ca href=\u0022https:\/\/posedu.ufop.br\/news\/retifica%C3%A7%C3%A3o-edital-ppge-n%C2%BA042026-bolsa-de-est%C3%A1gio-de-doutorado-no-exterior-pdse-edital\u0022  target=\u0022_top\u0022\u003ERetifica\u00e7\u00e3o - Edital PPGE n\u00ba04\/2026 - Bolsa de Est\u00e1gio de Doutorado no Exterior - PDSE - Edital Interno PPGE\u003C\/a\u003E\u003C\/li\u003E\u003Cli\u003E\u003Ca href=\u0022https:\/\/posedu.ufop.br\/news\/editais-processo-seletivo-de-mestrado-e-doutorado-ingresso-em-2027\u0022  target=\u0022_top\u0022\u003EEditais - Processo Seletivo de Mestrado e Doutorado - Ingresso em 2027\u003C\/a\u003E\u003C\/li\u003E\u003Cli\u003E\u003Ca href=\u0022https:\/\/posedu.ufop.br\/news\/edital-ppge-n%C2%BA042026%C2%A0-%C2%A0bolsa-de-est%C3%A1gio-de-doutorado-no-exterior%C2%A0-pdse-edital-interno-ppge\u0022  target=\u0022_top\u0022\u003EEdital PPGE n\u00ba04\/2026\u00a0-\u00a0Bolsa de Est\u00e1gio de Doutorado no Exterior\u00a0- PDSE - Edital Interno PPGE\u003C\/a\u003E\u003C\/li\u003E\u003Cli\u003E\u003Ca href=\u0022https:\/\/posedu.ufop.br\/news\/retifica%C3%A7%C3%A3o-%C2%A0edital-ppge-n%C2%BA032026-%C2%A0disciplinas-isoladas-20262\u0022  target=\u0022_top\u0022\u003ERetifica\u00e7\u00e3o -\u00a0Edital PPGE n\u00ba03\/2026 -\u00a0Disciplinas Isoladas 2026\/2\u003C\/a\u003E\u003C\/li\u003E\u003Cli\u003E\u003Ca href=\u0022https:\/\/posedu.ufop.br\/news\/edital-ppge-n%C2%BA032026-disciplinas-isoladas-20262\u0022  target=\u0022_top\u0022\u003EEdital PPGE n\u00ba03\/2026 - Disciplinas Isoladas 2026\/2\u003C\/a\u003E\u003C\/li\u003E\u003Cli\u003E\u003Ca href=\u0022https:\/\/posedu.ufop.br\/news\/novo-projeto-de-pesquisa-aprovado-2026%E2%80%932029\u0022  target=\u0022_top\u0022\u003ENovo Projeto de Pesquisa Aprovado (2026\u20132029)\u003C\/a\u003E\u003C\/li\u003E\u003Cli\u003E\u003Ca href=\u0022https:\/\/posedu.ufop.br\/news\/clicufop-divulga-nova-oferta-de-testes-de-profici%C3%AAncia-em-ingl%C3%AAs-para-admiss%C3%A3o-em\u0022  target=\u0022_top\u0022\u003ECLIC\/UFOP divulga nova oferta de testes de profici\u00eancia em ingl\u00eas para admiss\u00e3o em programas de p\u00f3s-gradua\u00e7\u00e3o\u003C\/a\u003E\u003C\/li\u003E\u003Cli\u003E\u003Ca href=\u0022https:\/\/posedu.ufop.br\/news\/grupo-caleidosc%C3%B3pio-promove-pr%C3%A9-col%C3%B3quio-do-lepsi-no-ichs\u0022  target=\u0022_top\u0022\u003EGrupo Caleidosc\u00f3pio promove Pr\u00e9-Col\u00f3quio do LEPSI no ICHS\u003C\/a\u003E\u003C\/li\u003E\u003Cli\u003E\u003Ca href=\u0022https:\/\/posedu.ufop.br\/news\/mo%C3%A7%C3%A3o-de-apoio-e-reconhecimento-ao-trabalho-da-profa-zara-figueiredo-secadimec\u0022  target=\u0022_top\u0022\u003EMo\u00e7\u00e3o de Apoio e Reconhecimento ao Trabalho da  Profa. Zara Figueiredo (SECADI\/MEC) \u003C\/a\u003E\u003C\/li\u003E\u003Cli\u003E\u003Ca href=\u0022https:\/\/posedu.ufop.br\/news\/xii-simpoed-confira-o-site-oficial-e-o-perfil-no-instagram\u0022  target=\u0022_top\u0022\u003EXII SIMPOED: Confira o site oficial e o perfil no Instagram\u003C\/a\u003E\u003C\/li\u003E\u003Cli\u003E\u003Ca href=\u0022https:\/\/posedu.ufop.br\/news\/nota-de-rep%C3%BAdio\u0022  target=\u0022_top\u0022\u003ENota de Rep\u00fadio\u003C\/a\u003E\u003C\/li\u003E\u003Cli\u003E\u003Ca href=\u0022https:\/\/posedu.ufop.br\/news\/professora-nilma-lino-gomes-recebe-pr%C3%AAmio-capes\u0022  target=\u0022_top\u0022\u003EProfessora Nilma Lino Gomes recebe Pr\u00eamio CAPES\u003C\/a\u003E\u003C\/li\u003E\u003Cli\u003E\u003Ca href=\u0022https:\/\/posedu.ufop.br\/news\/vii-congresso-rudecolombia-mesa-2-debate-o-pensamento-e-hist%C3%B3ria-social-da-educa%C3%A7%C3%A3o\u0022  target=\u0022_top\u0022\u003EVII Congresso RUDECOLOMBIA: Mesa 2 debate o Pensamento e a Hist\u00f3ria Social da Educa\u00e7\u00e3o\u003C\/a\u003E\u003C\/li\u003E\u003Cli\u003E\u003Ca href=\u0022https:\/\/posedu.ufop.br\/news\/encerramento-do-i-simp%C3%B3sio-internacional-lugar-de-fala-lugar-de-escrita\u0022  target=\u0022_top\u0022\u003EEncerramento do I Simp\u00f3sio Internacional Lugar de Fala, Lugar de Escrita\u003C\/a\u003E\u003C\/li\u003E\u003Cli\u003E\u003Ca href=\u0022https:\/\/posedu.ufop.br\/news\/simp%C3%B3sio-internacional-apresenta-trabalho-sobre-timor-leste\u0022  target=\u0022_top\u0022\u003ESimp\u00f3sio Internacional Apresenta Trabalho sobre Timor-Leste\u003C\/a\u003E\u003C\/li\u003E\u003Cli\u003E\u003Ca href=\u0022https:\/\/posedu.ufop.br\/news\/programa%C3%A7%C3%A3o-simp%C3%B3sio-internacional\u0022  target=\u0022_top\u0022\u003EPrograma\u00e7\u00e3o Simp\u00f3sio Internacional\u003C\/a\u003E\u003C\/li\u003E\u003Cli\u003E\u003Ca href=\u0022https:\/\/posedu.ufop.br\/news\/ppge-da-ufop-participa-do-3%C2%BA-encontro-do-ciclo-formativo-de-ppgs\u0022  target=\u0022_top\u0022\u003EPPGE da UFOP participa do 3\u00ba encontro do Ciclo Formativo de PPGs\u003C\/a\u003E\u003C\/li\u003E\u003Cli\u003E\u003Ca href=\u0022https:\/\/posedu.ufop.br\/news\/docente-do-ppge-recebe-homenagem-durante-o-30%C2%BA-anivers%C3%A1rio-da-rudecolombia\u0022  target=\u0022_top\u0022\u003EDocente do PPGE recebe homenagem durante o 30\u00ba anivers\u00e1rio da Rudecolombia\u003C\/a\u003E\u003C\/li\u003E\u003Cli\u003E\u003Ca href=\u0022https:\/\/posedu.ufop.br\/news\/vagas-limitadas-inscreva-se-na-oficina-cartas-quem-ousa-pesquisar\u0022  target=\u0022_top\u0022\u003EVagas limitadas: Inscreva-se na oficina \u0022Cartas a quem ousa pesquisar\u0022\u003C\/a\u003E\u003C\/li\u003E\u003C\/ul\u003E\u003C\/div\u003E\u003C\/div\u003E\u003Cdiv class=\u0022item-list\u0022\u003E\u003Cul class=\u0022pager mini-pager\u0022\u003E\u003Cli class=\u0022pager-previous\u0022\u003E\u0026nbsp;\u003C\/li\u003E\u003Cli class=\u0022pager-current\u0022\u003E1 de 22\u003C\/li\u003E\u003Cli class=\u0022pager-next\u0022\u003E\u003Ca href=\u0022https:\/\/posedu.ufop.br\/news\/errata-n%C2%BA-05-edital-ppge-ufop-n%C2%BA-092024-programa-institucional-de-p%C3%B3s-doutorado?sv_list_box_delta=os_news_latest\u0026amp;pager_id=0\u0026amp;destination=node\/36479\u0026amp;page=1\u0022\u003E\u00bb\u003C\/a\u003E\u003C\/li\u003E\u003C\/ul\u003E\u003C\/div\u003E\u003Ca href=\u0022https:\/\/posedu.ufop.br\/news\u0022  class=\u0022more-link\u0022\u003EMais\u003C\/a\u003E","settings":null},{"command":"insert","method":"prepend","selector":null,"data":"","settings":null}]